{"id":95,"date":"2019-02-12T13:59:48","date_gmt":"2019-02-12T13:59:48","guid":{"rendered":"http:\/\/kolpingsfamilie-neunkirchen.de\/wordpress\/?p=95"},"modified":"2020-02-16T13:41:51","modified_gmt":"2020-02-16T13:41:51","slug":"grusswort-aus-unserem-aktuellen-programmheft","status":"publish","type":"post","link":"https:\/\/www.kolpingsfamilie-neunkirchen.de\/index.php\/2019\/02\/12\/grusswort-aus-unserem-aktuellen-programmheft\/","title":{"rendered":"Gru\u00dfwort aus unserem Programmheft (2019-II)"},"content":{"rendered":"\n<p><strong>Liebe Kolpingsschwestern und -br\u00fcder, liebe Homepage-Besucher,<\/strong><\/p>\n\n\n\n<p class=\"has-text-align-justify\">unsere Kolpingsfamilie wird am 19. M\u00e4rz 2019 70 Jahre alt. Wir werden dieses Jubil\u00e4um am Josefstag bei unserer Jahreshauptversammlung geb\u00fchrend feiern und an den Gr\u00fcndungstag im Jahre 1949 erinnern. <\/p>\n\n\n\n<p class=\"has-text-align-justify\">In den vergangenen 70\nJahren wuchs unsere Kolpingsfamilie kontinuierlich und ist z.Zt. mit knapp\nunter 500 Mitgliedern die gr\u00f6\u00dfte Kolpingsfamilie im Di\u00f6zesanverband. An dieser\nStelle ist denjenigen Dank zu sagen, die dazu in den letzten Jahrzehnten\nbeigetragen haben. Den Vorsitzenden, Vorstandsmitgliedern, den\nSpartenleitungen, aber auch den einzelnen Mitgliedern, die durch ihr gro\u00dfes\nEngagement dies erreicht haben. Allen voran sei hier unser Ehrenvorsitzender\nWilli Geist genannt, ohne dessen unerm\u00fcdliches Schaffen unser Verein nicht so\nerfolgreich geworden w\u00e4re. Zu erw\u00e4hnen sind aber gleichfalls unsere Pr\u00e4sides,\nderen geistliche Begleitung f\u00fcr einen christlichen Verein unerl\u00e4sslich ist.\nVergelt\u2019s Gott allen daf\u00fcr!<\/p>\n\n\n\n<p class=\"has-text-align-justify\">Wir wollen in 2019 wieder\nReisen unternehmen. Die Fahrt nach Holland zur Tulpenbl\u00fcte im Mai wird sicher\nein Highlight werden, aber auch der Besuch des Musicals Bonifatius im August in\nFulda wird bei den Teilnehmern einen bleibenden Eindruck hinterlassen. Die Open\nAir-Auff\u00fchrung auf dem Domplatz zeigt uns das Leben und Wirken des \u201eApostels\nder Deutschen\u201c am Fu\u00dfe seiner Grabst\u00e4tte. F\u00fcr Raumfahrtbegeisterte bietet\n60plus eine Tagesfahrt nach Oberpfaffenhofen zum Deutschen Luft- und\nRaumfahrt-zentrum an.<\/p>\n\n\n\n<blockquote class=\"wp-block-quote has-text-align-right is-layout-flow wp-block-quote-is-layout-flow\"><p>&#8222;In der Gegenwart muss unser Wirken die Zukunft im Auge behalten.&#8220;<\/p><cite>&#8211; Adolph Kolping<\/cite><\/blockquote>\n\n\n\n<p>Wir gr\u00fc\u00dfen Euch mit einem herzlichen \u201eTreu Kolping!\u201c<\/p>\n\n\n\n<div class=\"wp-block-columns is-layout-flex wp-container-core-columns-is-layout-9d6595d7 wp-block-columns-is-layout-flex\">\n<div class=\"wp-block-column is-layout-flow wp-block-column-is-layout-flow\">\n<p><strong>Rainer Obermeier<\/strong> <br>1. Vorsitzender<\/p>\n<\/div>\n\n\n\n<div class=\"wp-block-column is-layout-flow wp-block-column-is-layout-flow\">\n<p><strong>Pfr. Joachim Cibura<\/strong><br>Presse<\/p>\n<\/div>\n<\/div>\n\n\n\n<p><\/p>\n","protected":false},"excerpt":{"rendered":"<p>Liebe Kolpingsschwestern und -br\u00fcder, liebe Homepage-Besucher, unsere Kolpingsfamilie wird am 19. M\u00e4rz 2019 70 Jahre alt. Wir werden dieses Jubil\u00e4um am Josefstag bei unserer Jahreshauptversammlung geb\u00fchrend feiern und an den [&hellip;]<\/p>\n","protected":false},"author":1,"featured_media":0,"comment_status":"closed","ping_status":"closed","sticky":false,"template":"","format":"standard","meta":{"_editorskit_title_hidden":false,"_editorskit_reading_time":1,"_editorskit_is_block_options_detached":false,"_editorskit_block_options_position":"{}","_uag_custom_page_level_css":"","_EventAllDay":false,"_EventTimezone":"","_EventStartDate":"","_EventEndDate":"","_EventStartDateUTC":"","_EventEndDateUTC":"","_EventShowMap":false,"_EventShowMapLink":false,"_EventURL":"","_EventCost":"","_EventCostDescription":"","_EventCurrencySymbol":"","_EventCurrencyCode":"","_EventCurrencyPosition":"","_EventDateTimeSeparator":"","_EventTimeRangeSeparator":"","_EventOrganizerID":[],"_EventVenueID":[],"_OrganizerEmail":"","_OrganizerPhone":"","_OrganizerWebsite":"","_VenueAddress":"","_VenueCity":"","_VenueCountry":"","_VenueProvince":"","_VenueState":"","_VenueZip":"","_VenuePhone":"","_VenueURL":"","_VenueStateProvince":"","_VenueLat":"","_VenueLng":"","_VenueShowMap":false,"_VenueShowMapLink":false,"footnotes":""},"categories":[2,10],"tags":[11,6,7],"class_list":["post-95","post","type-post","status-publish","format-standard","hentry","category-allgemein","category-gruppen","tag-grusswort","tag-kolpingsfamilie","tag-neunkirchen-am-brand"],"uagb_featured_image_src":{"full":false,"thumbnail":false,"medium":false,"medium_large":false,"large":false,"1536x1536":false,"2048x2048":false,"reveal-homepage-thumb":false},"uagb_author_info":{"display_name":"markus","author_link":"https:\/\/www.kolpingsfamilie-neunkirchen.de\/index.php\/author\/markus\/"},"uagb_comment_info":0,"uagb_excerpt":"Liebe Kolpingsschwestern und -br\u00fcder, liebe Homepage-Besucher, unsere Kolpingsfamilie wird am 19. M\u00e4rz 2019 70 Jahre alt. Wir werden dieses Jubil\u00e4um am Josefstag bei unserer Jahreshauptversammlung geb\u00fchrend feiern und an den [&hellip;]","_links":{"self":[{"href":"https:\/\/www.kolpingsfamilie-neunkirchen.de\/index.php\/wp-json\/wp\/v2\/posts\/95","targetHints":{"allow":["GET"]}}],"collection":[{"href":"https:\/\/www.kolpingsfamilie-neunkirchen.de\/index.php\/wp-json\/wp\/v2\/posts"}],"about":[{"href":"https:\/\/www.kolpingsfamilie-neunkirchen.de\/index.php\/wp-json\/wp\/v2\/types\/post"}],"author":[{"embeddable":true,"href":"https:\/\/www.kolpingsfamilie-neunkirchen.de\/index.php\/wp-json\/wp\/v2\/users\/1"}],"replies":[{"embeddable":true,"href":"https:\/\/www.kolpingsfamilie-neunkirchen.de\/index.php\/wp-json\/wp\/v2\/comments?post=95"}],"version-history":[{"count":10,"href":"https:\/\/www.kolpingsfamilie-neunkirchen.de\/index.php\/wp-json\/wp\/v2\/posts\/95\/revisions"}],"predecessor-version":[{"id":1329,"href":"https:\/\/www.kolpingsfamilie-neunkirchen.de\/index.php\/wp-json\/wp\/v2\/posts\/95\/revisions\/1329"}],"wp:attachment":[{"href":"https:\/\/www.kolpingsfamilie-neunkirchen.de\/index.php\/wp-json\/wp\/v2\/media?parent=95"}],"wp:term":[{"taxonomy":"category","embeddable":true,"href":"https:\/\/www.kolpingsfamilie-neunkirchen.de\/index.php\/wp-json\/wp\/v2\/categories?post=95"},{"taxonomy":"post_tag","embeddable":true,"href":"https:\/\/www.kolpingsfamilie-neunkirchen.de\/index.php\/wp-json\/wp\/v2\/tags?post=95"}],"curies":[{"name":"wp","href":"https:\/\/api.w.org\/{rel}","templated":true}]}}